{"id":4367,"date":"2026-03-23T15:10:06","date_gmt":"2026-03-23T14:10:06","guid":{"rendered":"https:\/\/tdfcyber.fr\/auvergne-rhone-alpes\/?p=4367"},"modified":"2026-04-21T10:16:40","modified_gmt":"2026-04-21T08:16:40","slug":"insc-matinale-cc-ara_avril-2026","status":"publish","type":"post","link":"https:\/\/tdfcyber.fr\/auvergne-rhone-alpes\/insc-matinale-cc-ara_avril-2026\/","title":{"rendered":"Inscription matinale avril 2026"},"content":{"rendered":"<p><div class=\"fusion-fullwidth fullwidth-box fusion-builder-row-1 fusion-flex-container has-pattern-background has-mask-background nonhundred-percent-fullwidth non-hundred-percent-height-scrolling\" style=\"--link_color: var(--awb-color1);--awb-border-radius-top-left:0px;--awb-border-radius-top-right:0px;--awb-border-radius-bottom-right:0px;--awb-border-radius-bottom-left:0px;--awb-padding-top:30px;--awb-margin-top:1px;--awb-background-color:var(--awb-color1);--awb-flex-wrap:wrap;\" ><div class=\"fusion-builder-row fusion-row fusion-flex-align-items-flex-start fusion-flex-content-wrap\" style=\"max-width:1248px;margin-left: calc(-4% \/ 2 );margin-right: calc(-4% \/ 2 );\"><div class=\"fusion-layout-column fusion_builder_column fusion-builder-column-0 fusion_builder_column_1_1 1_1 fusion-flex-column\" style=\"--awb-bg-size:cover;--awb-width-large:100%;--awb-margin-top-large:0px;--awb-spacing-right-large:1.92%;--awb-margin-bottom-large:20px;--awb-spacing-left-large:1.92%;--awb-width-medium:100%;--awb-order-medium:0;--awb-spacing-right-medium:1.92%;--awb-spacing-left-medium:1.92%;--awb-width-small:100%;--awb-order-small:0;--awb-spacing-right-small:1.92%;--awb-spacing-left-small:1.92%;\"><div class=\"fusion-column-wrapper fusion-column-has-shadow fusion-flex-justify-content-flex-start fusion-content-layout-column\"><div class=\"fusion-title title fusion-title-1 fusion-sep-none fusion-title-center fusion-title-text fusion-title-size-two\" style=\"--awb-text-color:var(--awb-color6);--awb-margin-top-small:10px;--awb-margin-right-small:0px;--awb-margin-bottom-small:10px;--awb-margin-left-small:0px;--awb-font-size:20px;\"><h2 class=\"fusion-title-heading title-heading-center\" style=\"margin:0;font-size:1em;line-height:1.5em;\">Les inscriptions sont d\u00e9sormais ferm\u00e9es.<\/h2><\/div><\/div><\/div><\/div><\/div><div class=\"fusion-fullwidth fullwidth-box fusion-builder-row-2 fusion-flex-container has-pattern-background has-mask-background fusion-parallax-none nonhundred-percent-fullwidth non-hundred-percent-height-scrolling\" style=\"--awb-background-position:right bottom;--awb-border-radius-top-left:0px;--awb-border-radius-top-right:0px;--awb-border-radius-bottom-right:0px;--awb-border-radius-bottom-left:0px;--awb-padding-top:30px;--awb-margin-bottom:0px;--awb-background-image:url(&quot;https:\/\/tdfcyber.fr\/rcybernormandie2020\/wp-content\/uploads\/sites\/5\/2020\/10\/CONNEXION-Fd-3.jpg&quot;);--awb-background-size:cover;--awb-flex-wrap:wrap;\" ><div class=\"fusion-builder-row fusion-row fusion-flex-align-items-flex-start fusion-flex-content-wrap\" style=\"max-width:1248px;margin-left: calc(-4% \/ 2 );margin-right: calc(-4% \/ 2 );\"><div class=\"fusion-layout-column fusion_builder_column fusion-builder-column-1 fusion_builder_column_1_1 1_1 fusion-flex-column\" style=\"--awb-bg-size:cover;--awb-width-large:100%;--awb-margin-top-large:0px;--awb-spacing-right-large:1.92%;--awb-margin-bottom-large:20px;--awb-spacing-left-large:1.92%;--awb-width-medium:100%;--awb-order-medium:0;--awb-spacing-right-medium:1.92%;--awb-spacing-left-medium:1.92%;--awb-width-small:100%;--awb-order-small:0;--awb-spacing-right-small:1.92%;--awb-spacing-left-small:1.92%;\"><div class=\"fusion-column-wrapper fusion-column-has-shadow fusion-flex-justify-content-flex-start fusion-content-layout-column\"><div class=\"fusion-title title fusion-title-2 fusion-title-text fusion-title-size-three\" style=\"--awb-margin-top-small:10px;--awb-margin-right-small:0px;--awb-margin-bottom-small:10px;--awb-margin-left-small:0px;--awb-font-size:20px;\"><div class=\"title-sep-container title-sep-container-left fusion-no-large-visibility fusion-no-medium-visibility fusion-no-small-visibility\"><div class=\"title-sep sep-single sep-solid\" style=\"border-color:#0b3e75;\"><\/div><\/div><span class=\"awb-title-spacer fusion-no-large-visibility fusion-no-medium-visibility fusion-no-small-visibility\"><\/span><h3 class=\"fusion-title-heading title-heading-left\" style=\"margin:0;font-size:1em;\"><span style=\"color: #333399;\">NOS PARTENAIRES 2026<\/span><\/h3><span class=\"awb-title-spacer\"><\/span><div class=\"title-sep-container title-sep-container-right\"><div class=\"title-sep sep-single sep-solid\" style=\"border-color:#0b3e75;\"><\/div><\/div><\/div><div class=\"fusion-image-carousel fusion-image-carousel-auto fusion-image-carousel-1\"><div class=\"awb-carousel awb-swiper awb-swiper-carousel awb-carousel--carousel awb-swiper-dots-position-bottom\" data-layout=\"carousel\" data-autoplay=\"yes\" data-autoplayspeed=\"2500\" data-autoplaypause=\"no\" data-loop=\"yes\" data-columns=\"4\" data-columnsmedium=\"1\" data-columnssmall=\"1\" data-itemmargin=\"10\" data-itemwidth=\"180\" data-touchscroll=\"no\" data-freemode=\"no\" data-imagesize=\"auto\" data-scrollitems=\"0\" data-centeredslides=\"no\" data-rotationangle=\"50\" data-depth=\"100\" data-speed=\"500\" data-shadow=\"no\" data-pagination=\"bullets\" style=\"--awb-columns:4;--awb-column-spacing:10px;--awb-dots-align:center;\"><div class=\"swiper-wrapper awb-image-carousel-wrapper fusion-flex-align-items-center\"><div class=\"swiper-slide\"><div class=\"fusion-carousel-item-wrapper\"><div class=\"fusion-image-wrapper hover-type-zoomin\"><a href=\"https:\/\/tdfcyber.fr\/departement-du-rhone\/\" target=\"_blank\" rel=\"noopener noreferrer\"><img decoding=\"async\" width=\"250\" height=\"150\" src=\"https:\/\/tdfcyber.fr\/auvergne-rhone-alpes\/wp-content\/uploads\/sites\/15\/2023\/09\/Logo_Rhone.png\" class=\"attachment-full size-full\" alt=\"D\u00e9partement du Rh\u00f4ne partenaire du CyberCercle Auvergne-Rh\u00f4ne-Alpes\" srcset=\"https:\/\/tdfcyber.fr\/auvergne-rhone-alpes\/wp-content\/uploads\/sites\/15\/2023\/09\/Logo_Rhone-200x120.png 200w, https:\/\/tdfcyber.fr\/auvergne-rhone-alpes\/wp-content\/uploads\/sites\/15\/2023\/09\/Logo_Rhone.png 250w\" sizes=\"(min-width: 2200px) 100vw, (min-width: 851px) 293px, (min-width: 781px) 390px, (min-width: 710px) 585px, (min-width: 640px) 710px, \" \/><\/a><\/div><\/div><\/div><div class=\"swiper-slide\"><div class=\"fusion-carousel-item-wrapper\"><div class=\"fusion-image-wrapper hover-type-zoomin\"><a href=\"https:\/\/tdfcyber.fr\/anpp\/\" target=\"_blank\" rel=\"noopener noreferrer\"><img decoding=\"async\" width=\"250\" height=\"100\" src=\"https:\/\/tdfcyber.fr\/auvergne-rhone-alpes\/wp-content\/uploads\/sites\/15\/2022\/07\/ANPP-Logo.jpg\" class=\"attachment-full size-full\" alt=\"ANPP partenaire du CyberCercle Auvergne-Rh\u00f4ne-Alpes\" srcset=\"https:\/\/tdfcyber.fr\/auvergne-rhone-alpes\/wp-content\/uploads\/sites\/15\/2022\/07\/ANPP-Logo-200x80.jpg 200w, https:\/\/tdfcyber.fr\/auvergne-rhone-alpes\/wp-content\/uploads\/sites\/15\/2022\/07\/ANPP-Logo.jpg 250w\" sizes=\"(min-width: 2200px) 100vw, (min-width: 851px) 293px, (min-width: 781px) 390px, (min-width: 710px) 585px, (min-width: 640px) 710px, \" \/><\/a><\/div><\/div><\/div><div class=\"swiper-slide\"><div class=\"fusion-carousel-item-wrapper\"><div class=\"fusion-image-wrapper hover-type-zoomin\"><a href=\"https:\/\/tdfcyber.fr\/hucency\/\" target=\"_blank\" rel=\"noopener noreferrer\"><img decoding=\"async\" width=\"250\" height=\"91\" src=\"https:\/\/tdfcyber.fr\/auvergne-rhone-alpes\/wp-content\/uploads\/sites\/15\/2025\/09\/HUCENCY_250_100.jpg\" class=\"attachment-full size-full\" alt=\"AVANT DE CLIQUER partenaire du CyberCercle Auvergne-Rh\u00f4ne-Alpes\" srcset=\"https:\/\/tdfcyber.fr\/auvergne-rhone-alpes\/wp-content\/uploads\/sites\/15\/2025\/09\/HUCENCY_250_100-200x73.jpg 200w, https:\/\/tdfcyber.fr\/auvergne-rhone-alpes\/wp-content\/uploads\/sites\/15\/2025\/09\/HUCENCY_250_100.jpg 250w\" sizes=\"(min-width: 2200px) 100vw, (min-width: 851px) 293px, (min-width: 781px) 390px, (min-width: 710px) 585px, (min-width: 640px) 710px, \" \/><\/a><\/div><\/div><\/div><div class=\"swiper-slide\"><div class=\"fusion-carousel-item-wrapper\"><div class=\"fusion-image-wrapper hover-type-zoomin\"><a href=\"https:\/\/tdfcyber.fr\/certitude-numerique\/\" target=\"_blank\" rel=\"noopener noreferrer\"><img decoding=\"async\" width=\"250\" height=\"100\" src=\"https:\/\/tdfcyber.fr\/auvergne-rhone-alpes\/wp-content\/uploads\/sites\/15\/2020\/10\/CERTITUDE-NUMERIQUE.jpg\" class=\"attachment-full size-full\" alt=\"CERTITUDE NUMERIQUE partenaire du CyberCercle Auvergne-Rh\u00f4ne-Alpes\" srcset=\"https:\/\/tdfcyber.fr\/auvergne-rhone-alpes\/wp-content\/uploads\/sites\/15\/2020\/10\/CERTITUDE-NUMERIQUE-200x80.jpg 200w, https:\/\/tdfcyber.fr\/auvergne-rhone-alpes\/wp-content\/uploads\/sites\/15\/2020\/10\/CERTITUDE-NUMERIQUE.jpg 250w\" sizes=\"(min-width: 2200px) 100vw, (min-width: 851px) 293px, (min-width: 781px) 390px, (min-width: 710px) 585px, (min-width: 640px) 710px, \" \/><\/a><\/div><\/div><\/div><div class=\"swiper-slide\"><div class=\"fusion-carousel-item-wrapper\"><div class=\"fusion-image-wrapper hover-type-zoomin\"><a href=\"https:\/\/tdfcyber.fr\/stormshield\/\" target=\"_blank\" rel=\"noopener noreferrer\"><img decoding=\"async\" width=\"250\" height=\"100\" src=\"https:\/\/tdfcyber.fr\/auvergne-rhone-alpes\/wp-content\/uploads\/sites\/15\/2026\/01\/STORMSHIELD-Logo.jpg\" class=\"attachment-full size-full\" alt=\"CERTITUDE NUMERIQUE partenaire du CyberCercle Auvergne-Rh\u00f4ne-Alpes\" srcset=\"https:\/\/tdfcyber.fr\/auvergne-rhone-alpes\/wp-content\/uploads\/sites\/15\/2026\/01\/STORMSHIELD-Logo-200x80.jpg 200w, https:\/\/tdfcyber.fr\/auvergne-rhone-alpes\/wp-content\/uploads\/sites\/15\/2026\/01\/STORMSHIELD-Logo.jpg 250w\" sizes=\"(min-width: 2200px) 100vw, (min-width: 851px) 293px, (min-width: 781px) 390px, (min-width: 710px) 585px, (min-width: 640px) 710px, \" \/><\/a><\/div><\/div><\/div><div class=\"swiper-slide\"><div class=\"fusion-carousel-item-wrapper\"><div class=\"fusion-image-wrapper hover-type-zoomin\"><a href=\"https:\/\/tdfcyber.fr\/atos\/\" target=\"_blank\" rel=\"noopener noreferrer\"><img decoding=\"async\" width=\"250\" height=\"100\" src=\"https:\/\/tdfcyber.fr\/auvergne-rhone-alpes\/wp-content\/uploads\/sites\/15\/2025\/05\/Logo_Atos-1.jpg\" class=\"attachment-full size-full\" alt=\"Atos partenaire du CyberCercle Auvergne-Rh\u00f4ne-Alpes\" srcset=\"https:\/\/tdfcyber.fr\/auvergne-rhone-alpes\/wp-content\/uploads\/sites\/15\/2025\/05\/Logo_Atos-1-200x80.jpg 200w, https:\/\/tdfcyber.fr\/auvergne-rhone-alpes\/wp-content\/uploads\/sites\/15\/2025\/05\/Logo_Atos-1.jpg 250w\" sizes=\"(min-width: 2200px) 100vw, (min-width: 851px) 293px, (min-width: 781px) 390px, (min-width: 710px) 585px, (min-width: 640px) 710px, \" \/><\/a><\/div><\/div><\/div><div class=\"swiper-slide\"><div class=\"fusion-carousel-item-wrapper\"><div class=\"fusion-image-wrapper hover-type-zoomin\"><a href=\"https:\/\/tdfcyber.fr\/enedis\/\" target=\"_blank\" rel=\"noopener noreferrer\"><img decoding=\"async\" width=\"250\" height=\"100\" src=\"https:\/\/tdfcyber.fr\/auvergne-rhone-alpes\/wp-content\/uploads\/sites\/15\/2023\/09\/Logo_Enedis.png\" class=\"attachment-full size-full\" alt=\"ENEDIS partenaire du CyberCercle Auvergne-Rh\u00f4ne-Alpes\" srcset=\"https:\/\/tdfcyber.fr\/auvergne-rhone-alpes\/wp-content\/uploads\/sites\/15\/2023\/09\/Logo_Enedis-200x80.png 200w, https:\/\/tdfcyber.fr\/auvergne-rhone-alpes\/wp-content\/uploads\/sites\/15\/2023\/09\/Logo_Enedis.png 250w\" sizes=\"(min-width: 2200px) 100vw, (min-width: 851px) 293px, (min-width: 781px) 390px, (min-width: 710px) 585px, (min-width: 640px) 710px, \" \/><\/a><\/div><\/div><\/div><div class=\"swiper-slide\"><div class=\"fusion-carousel-item-wrapper\"><div class=\"fusion-image-wrapper hover-type-zoomin\"><a href=\"https:\/\/tdfcyber.fr\/elysium-security\/\" target=\"_blank\" rel=\"noopener noreferrer\"><img decoding=\"async\" width=\"250\" height=\"100\" src=\"https:\/\/tdfcyber.fr\/auvergne-rhone-alpes\/wp-content\/uploads\/sites\/15\/2022\/07\/ELYSIUM-Logo.jpg\" class=\"attachment-full size-full\" alt=\"Elysium-Security partenaire du CyberCercle Auvergne-Rh\u00f4ne-Alpes\" srcset=\"https:\/\/tdfcyber.fr\/auvergne-rhone-alpes\/wp-content\/uploads\/sites\/15\/2022\/07\/ELYSIUM-Logo-200x80.jpg 200w, https:\/\/tdfcyber.fr\/auvergne-rhone-alpes\/wp-content\/uploads\/sites\/15\/2022\/07\/ELYSIUM-Logo.jpg 250w\" sizes=\"(min-width: 2200px) 100vw, (min-width: 851px) 293px, (min-width: 781px) 390px, (min-width: 710px) 585px, (min-width: 640px) 710px, \" \/><\/a><\/div><\/div><\/div><div class=\"swiper-slide\"><div class=\"fusion-carousel-item-wrapper\"><div class=\"fusion-image-wrapper hover-type-zoomin\"><a href=\"https:\/\/tdfcyber.fr\/root-me-pro\/\" target=\"_blank\" rel=\"noopener noreferrer\"><img decoding=\"async\" width=\"134\" height=\"134\" src=\"https:\/\/tdfcyber.fr\/auvergne-rhone-alpes\/wp-content\/uploads\/sites\/15\/2023\/03\/logo_rootmepro.png\" class=\"attachment-full size-full\" alt=\"Root-Me Pro partenaire du CyberCercle Auvergne-Rh\u00f4ne-Alpes\" \/><\/a><\/div><\/div><\/div><div class=\"swiper-slide\"><div class=\"fusion-carousel-item-wrapper\"><div class=\"fusion-image-wrapper hover-type-zoomin\"><a href=\"https:\/\/tdfcyber.fr\/groupe-la-poste\/\" target=\"_blank\" rel=\"noopener noreferrer\"><img decoding=\"async\" width=\"250\" height=\"135\" src=\"https:\/\/tdfcyber.fr\/auvergne-rhone-alpes\/wp-content\/uploads\/sites\/15\/2021\/11\/GROUPE-LA-POSTE.gif\" class=\"attachment-full size-full\" alt=\"Le Groupe la Poste partenaire du CyberCercle Auvergne-Rh\u00f4ne-Alpes\" \/><\/a><\/div><\/div><\/div><div class=\"swiper-slide\"><div class=\"fusion-carousel-item-wrapper\"><div class=\"fusion-image-wrapper hover-type-zoomin\"><a href=\"https:\/\/tdfcyber.fr\/jeunes-de-ihedn\/\" target=\"_blank\" rel=\"noopener noreferrer\"><img decoding=\"async\" width=\"250\" height=\"100\" src=\"https:\/\/tdfcyber.fr\/auvergne-rhone-alpes\/wp-content\/uploads\/sites\/15\/2023\/02\/JEUNES-IHEDN-Logo3.gif\" class=\"attachment-full size-full\" alt=\"Les jeunes IHEDN partenaire du CyberCercle Auvergne-Rh\u00f4ne-Alpes\" \/><\/a><\/div><\/div><\/div><div class=\"swiper-slide\"><div class=\"fusion-carousel-item-wrapper\"><div class=\"fusion-image-wrapper hover-type-zoomin\"><a href=\"https:\/\/tdfcyber.fr\/ihedn-region-lyonnaise\/\" target=\"_blank\" rel=\"noopener noreferrer\"><img decoding=\"async\" width=\"130\" height=\"133\" src=\"https:\/\/tdfcyber.fr\/auvergne-rhone-alpes\/wp-content\/uploads\/sites\/15\/2024\/01\/IHEDN-Lyon.gif\" class=\"attachment-full size-full\" alt=\"IHEDN R\u00e9gion lyonnaise partenaire du CyberCercle Auvergne-Rh\u00f4ne-Alpes\" \/><\/a><\/div><\/div><\/div><div class=\"swiper-slide\"><div class=\"fusion-carousel-item-wrapper\"><div class=\"fusion-image-wrapper hover-type-zoomin\"><a href=\"https:\/\/tdfcyber.fr\/bluefiles\/\" target=\"_blank\" rel=\"noopener noreferrer\"><img decoding=\"async\" width=\"250\" height=\"100\" src=\"https:\/\/tdfcyber.fr\/auvergne-rhone-alpes\/wp-content\/uploads\/sites\/15\/2023\/02\/Logo_BlueFiles.png\" class=\"attachment-full size-full\" alt=\"BlueFiles partenaire du CyberCercle Auvergne-Rh\u00f4ne-Alpes\" srcset=\"https:\/\/tdfcyber.fr\/auvergne-rhone-alpes\/wp-content\/uploads\/sites\/15\/2023\/02\/Logo_BlueFiles-200x80.png 200w, https:\/\/tdfcyber.fr\/auvergne-rhone-alpes\/wp-content\/uploads\/sites\/15\/2023\/02\/Logo_BlueFiles.png 250w\" sizes=\"(min-width: 2200px) 100vw, (min-width: 851px) 293px, (min-width: 781px) 390px, (min-width: 710px) 585px, (min-width: 640px) 710px, \" \/><\/a><\/div><\/div><\/div><\/div><div class=\"awb-swiper-button awb-swiper-button-prev\"><i class=\"awb-icon-angle-left\" aria-hidden=\"true\"><\/i><\/div><div class=\"awb-swiper-button awb-swiper-button-next\"><i class=\"awb-icon-angle-right\" aria-hidden=\"true\"><\/i><\/div><\/div><\/div><\/div><\/div><\/div><\/div>\n<\/p>\n","protected":false},"excerpt":{"rendered":"","protected":false},"author":2,"featured_media":0,"comment_status":"closed","ping_status":"closed","sticky":false,"template":"","format":"standard","meta":{"footnotes":""},"categories":[117],"tags":[],"class_list":["post-4367","post","type-post","status-publish","format-standard","hentry","category-inscription"],"yoast_head":"<!-- This site is optimized with the Yoast SEO plugin v27.4 - https:\/\/yoast.com\/product\/yoast-seo-wordpress\/ -->\n<title>Inscription matinale avril 2026 - CyberCercle Auvergne-Rh\u00f4ne-Alpes<\/title>\n<meta name=\"robots\" content=\"noindex, nofollow\" \/>\n<meta property=\"og:locale\" content=\"fr_FR\" \/>\n<meta property=\"og:type\" content=\"article\" \/>\n<meta property=\"og:title\" content=\"Inscription matinale avril 2026 - CyberCercle Auvergne-Rh\u00f4ne-Alpes\" \/>\n<meta property=\"og:url\" content=\"https:\/\/tdfcyber.fr\/auvergne-rhone-alpes\/insc-matinale-cc-ara_avril-2026\/\" \/>\n<meta property=\"og:site_name\" content=\"CyberCercle Auvergne-Rh\u00f4ne-Alpes\" \/>\n<meta property=\"article:published_time\" content=\"2026-03-23T14:10:06+00:00\" \/>\n<meta property=\"article:modified_time\" content=\"2026-04-21T08:16:40+00:00\" \/>\n<meta name=\"author\" content=\"Territoire de France et cyber\" \/>\n<meta name=\"twitter:card\" content=\"summary_large_image\" \/>\n<meta name=\"twitter:label1\" content=\"\u00c9crit par\" \/>\n\t<meta name=\"twitter:data1\" content=\"Territoire de France et cyber\" \/>\n\t<meta name=\"twitter:label2\" content=\"Dur\u00e9e de lecture estim\u00e9e\" \/>\n\t<meta name=\"twitter:data2\" content=\"3 minutes\" \/>\n<script type=\"application\/ld+json\" class=\"yoast-schema-graph\">{\"@context\":\"https:\\\/\\\/schema.org\",\"@graph\":[{\"@type\":\"Article\",\"@id\":\"https:\\\/\\\/tdfcyber.fr\\\/auvergne-rhone-alpes\\\/insc-matinale-cc-ara_avril-2026\\\/#article\",\"isPartOf\":{\"@id\":\"https:\\\/\\\/tdfcyber.fr\\\/auvergne-rhone-alpes\\\/insc-matinale-cc-ara_avril-2026\\\/\"},\"author\":{\"name\":\"Territoire de France et cyber\",\"@id\":\"https:\\\/\\\/tdfcyber.fr\\\/auvergne-rhone-alpes\\\/#\\\/schema\\\/person\\\/78957471872a5f0bc51ae0af5cee67e5\"},\"headline\":\"Inscription matinale avril 2026\",\"datePublished\":\"2026-03-23T14:10:06+00:00\",\"dateModified\":\"2026-04-21T08:16:40+00:00\",\"mainEntityOfPage\":{\"@id\":\"https:\\\/\\\/tdfcyber.fr\\\/auvergne-rhone-alpes\\\/insc-matinale-cc-ara_avril-2026\\\/\"},\"wordCount\":1136,\"articleSection\":[\"Inscription\"],\"inLanguage\":\"fr-FR\"},{\"@type\":\"WebPage\",\"@id\":\"https:\\\/\\\/tdfcyber.fr\\\/auvergne-rhone-alpes\\\/insc-matinale-cc-ara_avril-2026\\\/\",\"url\":\"https:\\\/\\\/tdfcyber.fr\\\/auvergne-rhone-alpes\\\/insc-matinale-cc-ara_avril-2026\\\/\",\"name\":\"Inscription matinale avril 2026 - CyberCercle Auvergne-Rh\u00f4ne-Alpes\",\"isPartOf\":{\"@id\":\"https:\\\/\\\/tdfcyber.fr\\\/auvergne-rhone-alpes\\\/#website\"},\"datePublished\":\"2026-03-23T14:10:06+00:00\",\"dateModified\":\"2026-04-21T08:16:40+00:00\",\"author\":{\"@id\":\"https:\\\/\\\/tdfcyber.fr\\\/auvergne-rhone-alpes\\\/#\\\/schema\\\/person\\\/78957471872a5f0bc51ae0af5cee67e5\"},\"breadcrumb\":{\"@id\":\"https:\\\/\\\/tdfcyber.fr\\\/auvergne-rhone-alpes\\\/insc-matinale-cc-ara_avril-2026\\\/#breadcrumb\"},\"inLanguage\":\"fr-FR\",\"potentialAction\":[{\"@type\":\"ReadAction\",\"target\":[\"https:\\\/\\\/tdfcyber.fr\\\/auvergne-rhone-alpes\\\/insc-matinale-cc-ara_avril-2026\\\/\"]}]},{\"@type\":\"BreadcrumbList\",\"@id\":\"https:\\\/\\\/tdfcyber.fr\\\/auvergne-rhone-alpes\\\/insc-matinale-cc-ara_avril-2026\\\/#breadcrumb\",\"itemListElement\":[{\"@type\":\"ListItem\",\"position\":1,\"name\":\"Accueil\",\"item\":\"https:\\\/\\\/tdfcyber.fr\\\/auvergne-rhone-alpes\\\/\"},{\"@type\":\"ListItem\",\"position\":2,\"name\":\"Inscription matinale avril 2026\"}]},{\"@type\":\"WebSite\",\"@id\":\"https:\\\/\\\/tdfcyber.fr\\\/auvergne-rhone-alpes\\\/#website\",\"url\":\"https:\\\/\\\/tdfcyber.fr\\\/auvergne-rhone-alpes\\\/\",\"name\":\"CyberCercle Auvergne-Rh\u00f4ne-Alpes\",\"description\":\"CyberCercle Auvergne-Rh\u00f4ne-Alpes\",\"potentialAction\":[{\"@type\":\"SearchAction\",\"target\":{\"@type\":\"EntryPoint\",\"urlTemplate\":\"https:\\\/\\\/tdfcyber.fr\\\/auvergne-rhone-alpes\\\/?s={search_term_string}\"},\"query-input\":{\"@type\":\"PropertyValueSpecification\",\"valueRequired\":true,\"valueName\":\"search_term_string\"}}],\"inLanguage\":\"fr-FR\"},{\"@type\":\"Person\",\"@id\":\"https:\\\/\\\/tdfcyber.fr\\\/auvergne-rhone-alpes\\\/#\\\/schema\\\/person\\\/78957471872a5f0bc51ae0af5cee67e5\",\"name\":\"Territoire de France et cyber\",\"image\":{\"@type\":\"ImageObject\",\"inLanguage\":\"fr-FR\",\"@id\":\"https:\\\/\\\/secure.gravatar.com\\\/avatar\\\/1ad9fcd0aed50081da79245e321d5228b903c1d13ad777c19b66283c0937254e?s=96&d=mm&r=g\",\"url\":\"https:\\\/\\\/secure.gravatar.com\\\/avatar\\\/1ad9fcd0aed50081da79245e321d5228b903c1d13ad777c19b66283c0937254e?s=96&d=mm&r=g\",\"contentUrl\":\"https:\\\/\\\/secure.gravatar.com\\\/avatar\\\/1ad9fcd0aed50081da79245e321d5228b903c1d13ad777c19b66283c0937254e?s=96&d=mm&r=g\",\"caption\":\"Territoire de France et cyber\"},\"url\":\"https:\\\/\\\/tdfcyber.fr\\\/auvergne-rhone-alpes\\\/author\\\/certinum\\\/\"}]}<\/script>\n<!-- \/ Yoast SEO plugin. -->","yoast_head_json":{"title":"Inscription matinale avril 2026 - CyberCercle Auvergne-Rh\u00f4ne-Alpes","robots":{"index":"noindex","follow":"nofollow"},"og_locale":"fr_FR","og_type":"article","og_title":"Inscription matinale avril 2026 - CyberCercle Auvergne-Rh\u00f4ne-Alpes","og_url":"https:\/\/tdfcyber.fr\/auvergne-rhone-alpes\/insc-matinale-cc-ara_avril-2026\/","og_site_name":"CyberCercle Auvergne-Rh\u00f4ne-Alpes","article_published_time":"2026-03-23T14:10:06+00:00","article_modified_time":"2026-04-21T08:16:40+00:00","author":"Territoire de France et cyber","twitter_card":"summary_large_image","twitter_misc":{"\u00c9crit par":"Territoire de France et cyber","Dur\u00e9e de lecture estim\u00e9e":"3 minutes"},"schema":{"@context":"https:\/\/schema.org","@graph":[{"@type":"Article","@id":"https:\/\/tdfcyber.fr\/auvergne-rhone-alpes\/insc-matinale-cc-ara_avril-2026\/#article","isPartOf":{"@id":"https:\/\/tdfcyber.fr\/auvergne-rhone-alpes\/insc-matinale-cc-ara_avril-2026\/"},"author":{"name":"Territoire de France et cyber","@id":"https:\/\/tdfcyber.fr\/auvergne-rhone-alpes\/#\/schema\/person\/78957471872a5f0bc51ae0af5cee67e5"},"headline":"Inscription matinale avril 2026","datePublished":"2026-03-23T14:10:06+00:00","dateModified":"2026-04-21T08:16:40+00:00","mainEntityOfPage":{"@id":"https:\/\/tdfcyber.fr\/auvergne-rhone-alpes\/insc-matinale-cc-ara_avril-2026\/"},"wordCount":1136,"articleSection":["Inscription"],"inLanguage":"fr-FR"},{"@type":"WebPage","@id":"https:\/\/tdfcyber.fr\/auvergne-rhone-alpes\/insc-matinale-cc-ara_avril-2026\/","url":"https:\/\/tdfcyber.fr\/auvergne-rhone-alpes\/insc-matinale-cc-ara_avril-2026\/","name":"Inscription matinale avril 2026 - CyberCercle Auvergne-Rh\u00f4ne-Alpes","isPartOf":{"@id":"https:\/\/tdfcyber.fr\/auvergne-rhone-alpes\/#website"},"datePublished":"2026-03-23T14:10:06+00:00","dateModified":"2026-04-21T08:16:40+00:00","author":{"@id":"https:\/\/tdfcyber.fr\/auvergne-rhone-alpes\/#\/schema\/person\/78957471872a5f0bc51ae0af5cee67e5"},"breadcrumb":{"@id":"https:\/\/tdfcyber.fr\/auvergne-rhone-alpes\/insc-matinale-cc-ara_avril-2026\/#breadcrumb"},"inLanguage":"fr-FR","potentialAction":[{"@type":"ReadAction","target":["https:\/\/tdfcyber.fr\/auvergne-rhone-alpes\/insc-matinale-cc-ara_avril-2026\/"]}]},{"@type":"BreadcrumbList","@id":"https:\/\/tdfcyber.fr\/auvergne-rhone-alpes\/insc-matinale-cc-ara_avril-2026\/#breadcrumb","itemListElement":[{"@type":"ListItem","position":1,"name":"Accueil","item":"https:\/\/tdfcyber.fr\/auvergne-rhone-alpes\/"},{"@type":"ListItem","position":2,"name":"Inscription matinale avril 2026"}]},{"@type":"WebSite","@id":"https:\/\/tdfcyber.fr\/auvergne-rhone-alpes\/#website","url":"https:\/\/tdfcyber.fr\/auvergne-rhone-alpes\/","name":"CyberCercle Auvergne-Rh\u00f4ne-Alpes","description":"CyberCercle Auvergne-Rh\u00f4ne-Alpes","potentialAction":[{"@type":"SearchAction","target":{"@type":"EntryPoint","urlTemplate":"https:\/\/tdfcyber.fr\/auvergne-rhone-alpes\/?s={search_term_string}"},"query-input":{"@type":"PropertyValueSpecification","valueRequired":true,"valueName":"search_term_string"}}],"inLanguage":"fr-FR"},{"@type":"Person","@id":"https:\/\/tdfcyber.fr\/auvergne-rhone-alpes\/#\/schema\/person\/78957471872a5f0bc51ae0af5cee67e5","name":"Territoire de France et cyber","image":{"@type":"ImageObject","inLanguage":"fr-FR","@id":"https:\/\/secure.gravatar.com\/avatar\/1ad9fcd0aed50081da79245e321d5228b903c1d13ad777c19b66283c0937254e?s=96&d=mm&r=g","url":"https:\/\/secure.gravatar.com\/avatar\/1ad9fcd0aed50081da79245e321d5228b903c1d13ad777c19b66283c0937254e?s=96&d=mm&r=g","contentUrl":"https:\/\/secure.gravatar.com\/avatar\/1ad9fcd0aed50081da79245e321d5228b903c1d13ad777c19b66283c0937254e?s=96&d=mm&r=g","caption":"Territoire de France et cyber"},"url":"https:\/\/tdfcyber.fr\/auvergne-rhone-alpes\/author\/certinum\/"}]}},"_links":{"self":[{"href":"https:\/\/tdfcyber.fr\/auvergne-rhone-alpes\/wp-json\/wp\/v2\/posts\/4367","targetHints":{"allow":["GET"]}}],"collection":[{"href":"https:\/\/tdfcyber.fr\/auvergne-rhone-alpes\/wp-json\/wp\/v2\/posts"}],"about":[{"href":"https:\/\/tdfcyber.fr\/auvergne-rhone-alpes\/wp-json\/wp\/v2\/types\/post"}],"author":[{"embeddable":true,"href":"https:\/\/tdfcyber.fr\/auvergne-rhone-alpes\/wp-json\/wp\/v2\/users\/2"}],"replies":[{"embeddable":true,"href":"https:\/\/tdfcyber.fr\/auvergne-rhone-alpes\/wp-json\/wp\/v2\/comments?post=4367"}],"version-history":[{"count":4,"href":"https:\/\/tdfcyber.fr\/auvergne-rhone-alpes\/wp-json\/wp\/v2\/posts\/4367\/revisions"}],"predecessor-version":[{"id":4396,"href":"https:\/\/tdfcyber.fr\/auvergne-rhone-alpes\/wp-json\/wp\/v2\/posts\/4367\/revisions\/4396"}],"wp:attachment":[{"href":"https:\/\/tdfcyber.fr\/auvergne-rhone-alpes\/wp-json\/wp\/v2\/media?parent=4367"}],"wp:term":[{"taxonomy":"category","embeddable":true,"href":"https:\/\/tdfcyber.fr\/auvergne-rhone-alpes\/wp-json\/wp\/v2\/categories?post=4367"},{"taxonomy":"post_tag","embeddable":true,"href":"https:\/\/tdfcyber.fr\/auvergne-rhone-alpes\/wp-json\/wp\/v2\/tags?post=4367"}],"curies":[{"name":"wp","href":"https:\/\/api.w.org\/{rel}","templated":true}]}}